{"id":42,"__str__":"Projeto de Lei Ordin\u00e1ria do Legislativo n\u00ba 8 de 2025","link_detail_backend":"/materia/42","metadata":{},"numero":8,"ano":2025,"numero_protocolo":null,"data_apresentacao":"2025-11-07","tipo_apresentacao":"","data_publicacao":null,"numero_origem_externa":"","ano_origem_externa":null,"data_origem_externa":null,"apelido":"","dias_prazo":null,"data_fim_prazo":null,"em_tramitacao":false,"polemica":false,"objeto":"","complementar":false,"ementa":"Institui o Programa \u201cRede de cuidado\u201d, visando promover a\u00e7\u00f5es para m\u00e3es e pais at\u00edpicos no \u00e2mbito de S\u00e3o Jo\u00e3o da Fronteira \u2013 PI, e estabelece a Semana da Maternidade at\u00edpica.","indexacao":"","observacao":"","resultado":"","texto_original":"http://sapl.saojoaodafronteira.pi.leg.br/media/sapl/public/materialegislativa/2025/42/camila-pl-01-2025-07-nov.pdf","data_ultima_atualizacao":"2026-02-26T21:22:25.312665-03:00","ip":"170.84.147.121","ultima_edicao":"2026-02-26T21:22:24.906711-03:00","tipo":14,"regime_tramitacao":1,"tipo_origem_externa":null,"local_origem_externa":null,"user":2,"anexadas":[],"autores":[6]}