{"id":70,"__str__":"Projeto de Lei ordin\u00e1ria do Executivo n\u00ba 3 de 2025","link_detail_backend":"/materia/70","metadata":{},"numero":3,"ano":2025,"numero_protocolo":null,"data_apresentacao":"2025-03-12","tipo_apresentacao":"","data_publicacao":null,"numero_origem_externa":"","ano_origem_externa":null,"data_origem_externa":null,"apelido":"","dias_prazo":null,"data_fim_prazo":null,"em_tramitacao":false,"polemica":false,"objeto":"","complementar":false,"ementa":"CRIA\u00c7\u00c3O DO PROGRAMA \u2018EDUCA\u00c7\u00c3O  INCLUSIVA\u2019,  NO  \u00c2MBITO  DA SECRETARIA  MUNICIPAL  DE  EDUCA\u00c7\u00c3O  DE S\u00c3O JO\u00c3O DA FRONTEIRA \u2013 PI","indexacao":"","observacao":"","resultado":"","texto_original":null,"data_ultima_atualizacao":"2026-02-27T16:34:29.346541-03:00","ip":"170.84.147.121","ultima_edicao":"2026-02-27T16:33:35.647137-03:00","tipo":3,"regime_tramitacao":1,"tipo_origem_externa":null,"local_origem_externa":null,"user":2,"anexadas":[],"autores":[1]}